{"id":30384,"date":"2025-03-07T13:35:18","date_gmt":"2025-03-07T10:35:18","guid":{"rendered":"https:\/\/www.smilehairclinic.com\/transplanti-i-flokeve-te-james-franco\/"},"modified":"2026-01-22T15:17:59","modified_gmt":"2026-01-22T12:17:59","slug":"transplanti-i-flokeve-te-james-franco","status":"publish","type":"post","link":"https:\/\/www.smilehairclinic.com\/sq\/transplanti-i-flokeve-te-james-franco\/","title":{"rendered":"Transplanti i flok\u00ebve t\u00eb James Franco"},"content":{"rendered":"<h2>Thashethemet rreth transplantit t\u00eb flok\u00ebve t\u00eb James Franco<\/h2>\n<p>James Franco, aktori dhe artisti i njohur, ka b\u00ebr\u00eb q\u00eb fansat t\u00eb spekulojn\u00eb prej vitesh p\u00ebr nj\u00eb t\u00eb mundsh\u00ebm <a href=\"https:\/\/www.smilehairclinic.com\/sq\/transplanti-i-flokeve-te-james-franco\/\">transplant flok\u00ebsh t\u00eb James Franco<\/a>. K\u00ebto thashetheme jan\u00eb kthyer n\u00eb nj\u00eb tem\u00eb t\u00eb nxeht\u00eb mes ndjek\u00ebsve t\u00eb personazheve t\u00eb famsh\u00ebm dhe fansave. Si nis\u00ebn k\u00ebto spekulime? Nj\u00eb ndryshim i duksh\u00ebm n\u00eb flok\u00ebt e James Franco me kalimin e koh\u00ebs ka ushqyer diskutimet.<\/p>\n<p><strong>Flok\u00ebt e James Franco: nj\u00eb analiz\u00eb e detajuar<\/strong><\/p>\n<p>Flok\u00ebt e James Franco kan\u00eb ndryshuar ndjesh\u00ebm gjat\u00eb viteve, nga t\u00eb dendur dhe t\u00eb plot\u00eb, deri n\u00eb shenja hollimi. Por a do t\u00eb thot\u00eb kjo domosdoshm\u00ebrisht se ai ka b\u00ebr\u00eb transplant flok\u00ebsh? Duke analizuar flok\u00ebt e James Franco, shihen disa faktor\u00eb t\u00eb mundsh\u00ebm, si plakja natyrale, stilet e flok\u00ebve ose edhe trajtime t\u00eb ndryshme kund\u00ebr r\u00ebnies s\u00eb flok\u00ebve.<\/p>\n<p><strong>Ndarja e fakteve nga trillimet<\/strong><\/p>\n<p>Edhe pse thashethemet p\u00ebr transplantin e flok\u00ebve t\u00eb James Franco vazhdojn\u00eb, nuk ka prova konkrete q\u00eb konfirmojn\u00eb se ai ka kryer k\u00ebt\u00eb procedur\u00eb. Mund t\u00eb jet\u00eb thjesht \u00e7\u00ebshtje stili dhe ndryshimesh natyrale q\u00eb kan\u00eb \u00e7uar n\u00eb k\u00ebto spekulime.<\/p>\n<h2>Karriera e James Franco dhe ndikimi i saj n\u00eb stil<\/h2>\n<p>Talenti dhe shum\u00ebanshm\u00ebria e James Franco e kan\u00eb b\u00ebr\u00eb at\u00eb nj\u00eb nga aktor\u00ebt m\u00eb t\u00eb preferuar t\u00eb Hollivudit. Me role t\u00eb ndryshme dhe vler\u00ebsime t\u00eb shumta, edhe flok\u00ebt dhe stili i tij personal kan\u00eb t\u00ebrhequr v\u00ebmendje, duke e kthyer at\u00eb n\u00eb nj\u00eb ikon\u00eb stili p\u00ebr shum\u00eb njer\u00ebz.<\/p>\n<p><strong>Flok\u00ebt si deklarat\u00eb stili<\/strong><\/p>\n<p>Flok\u00ebt e James Franco kan\u00eb qen\u00eb nj\u00eb pjes\u00eb e r\u00ebnd\u00ebsishme e imazhit t\u00eb tij publik. Qoft\u00eb me flok\u00eb t\u00eb gjat\u00eb dhe me onde apo me nj\u00eb stil m\u00eb t\u00eb shkurt\u00ebr dhe modern, modelet e tij jan\u00eb imituar nga fansa n\u00eb mbar\u00eb bot\u00ebn.<\/p>\n<p><strong>Si ndikon stili n\u00eb perceptim<\/strong><\/p>\n<p>Ndryshimet n\u00eb flok\u00ebt e James Franco gjat\u00eb viteve mund t\u00eb jen\u00eb thjesht nj\u00eb eksplorim i stileve t\u00eb ndryshme. Si aktor dhe artist i njohur p\u00ebr krijimtarin\u00eb e tij, pamja n\u00eb ndryshim mund t\u00eb reflektoj\u00eb shprehjen e tij artistike.<\/p>\n<p><img loading=\"lazy\" decoding=\"async\" class=\"alignnone size-full wp-image-22019\" src=\"https:\/\/www.smilehairclinic.com\/wp-content\/uploads\/2025\/03\/James-Franco-Hair-Loss.jpg\" alt=\"\" width=\"900\" height=\"400\" title=\"\" srcset=\"https:\/\/www.smilehairclinic.com\/wp-content\/uploads\/2025\/03\/James-Franco-Hair-Loss.jpg 900w, https:\/\/www.smilehairclinic.com\/wp-content\/uploads\/2025\/03\/James-Franco-Hair-Loss-300x133.jpg 300w, https:\/\/www.smilehairclinic.com\/wp-content\/uploads\/2025\/03\/James-Franco-Hair-Loss-768x341.jpg 768w, https:\/\/www.smilehairclinic.com\/wp-content\/uploads\/2025\/03\/James-Franco-Hair-Loss-450x200.jpg 450w\" sizes=\"auto, (max-width: 900px) 100vw, 900px\" \/><\/p>\n<h2>Transplanti i flok\u00ebve n\u00eb Hollivud<\/h2>\n<p>Transplantet e flok\u00ebve po b\u00ebhen gjithnj\u00eb e m\u00eb t\u00eb zakonshme mes personazheve t\u00eb famsh\u00ebm, dhe shum\u00eb prej tyre flasin hapur p\u00ebr procedurat e tyre. Edhe pse nuk ka prova q\u00eb konfirmojn\u00eb nj\u00eb transplant flok\u00ebsh t\u00eb James Franco, kjo praktik\u00eb nuk \u00ebsht\u00eb aspak e rrall\u00eb n\u00eb Hollivud.<\/p>\n<p><strong>R\u00ebnia e flok\u00ebve te James Franco: nj\u00eb shqet\u00ebsim i zakonsh\u00ebm<\/strong><\/p>\n<p>N\u00ebse r\u00ebnia e flok\u00ebve t\u00eb James Franco \u00ebsht\u00eb reale, ajo nuk do t\u00eb ishte e pazakont\u00eb mes personazheve t\u00eb famsh\u00ebm. R\u00ebnia e flok\u00ebve mund t\u00eb prek\u00eb k\u00ebdo dhe shum\u00eb zgjedhin ta trajtojn\u00eb me transplant flok\u00ebsh.<\/p>\n<p><strong>Stigma rreth transplantit t\u00eb flok\u00ebve<\/strong><\/p>\n<p>Pavar\u00ebsisht pranimit gjithnj\u00eb e m\u00eb t\u00eb madh t\u00eb transplantit t\u00eb flok\u00ebve, ende ekziston nj\u00ebfar\u00eb stigme. Thashethemet rreth transplantit t\u00eb flok\u00ebve t\u00eb James Franco mund t\u00eb burojn\u00eb nga kjo ndjeshm\u00ebri e vazhdueshme.<\/p>\n<h2>Flok\u00ebt e James Franco nd\u00ebr vite<\/h2>\n<p>Nga fillimet e karrier\u00ebs deri n\u00eb vitet e fundit, flok\u00ebt e James Franco kan\u00eb p\u00ebsuar ndryshime t\u00eb dukshme. Ky seksion ofron nj\u00eb analiz\u00eb t\u00eb detajuar t\u00eb stileve t\u00eb tij t\u00eb flok\u00ebve, t\u00eb cilat mund t\u00eb lidhen ose jo me r\u00ebnien e flok\u00ebve t\u00eb James Franco.<\/p>\n<p><strong>Stilet e flok\u00ebve dhe ndikimi i tyre n\u00eb pamje<\/strong><\/p>\n<p>Stilet e ndryshme t\u00eb flok\u00ebve mund t\u00eb ndryshojn\u00eb ndjesh\u00ebm pamjen e nj\u00eb personi. Evolucioni i flok\u00ebve t\u00eb James Franco mund t\u00eb jet\u00eb rezultat i trendeve n\u00eb ndryshim dhe preferencave personale, jo domosdoshm\u00ebrisht i nj\u00eb nd\u00ebrhyrjeje kirurgjikale.<\/p>\n<p><strong>R\u00ebnia e flok\u00ebve te James Franco: shpjegime t\u00eb tjera t\u00eb mundshme<\/strong><\/p>\n<p>Hollimi i flok\u00ebve \u00ebsht\u00eb nj\u00eb proces natyral p\u00ebr shum\u00eb meshkuj dhe James Franco mund t\u00eb mos jet\u00eb p\u00ebrjashtim. Faktor\u00eb si stili i jetes\u00ebs, plakja dhe gjenetika mund t\u00eb shpjegojn\u00eb ndryshimet n\u00eb flok\u00ebt e tij me kalimin e koh\u00ebs, m\u00eb shum\u00eb sesa nj\u00eb transplant flok\u00ebsh.<\/p>\n<h3>Shpjegimi i procedurave t\u00eb transplantit t\u00eb flok\u00ebve<\/h3>\n<p>Edhe pse nuk mund t\u00eb konfirmojm\u00eb nj\u00eb transplant flok\u00ebsh t\u00eb James Franco, t\u00eb kuptuarit e procedur\u00ebs ndihmon p\u00ebr t\u00eb shpjeguar pse thashethemet vazhdojn\u00eb. Ky seksion shpjegon \u00e7far\u00eb p\u00ebrfshin nj\u00eb transplant flok\u00ebsh dhe si mund t\u00eb lidhet teorikisht me ndryshimet n\u00eb flok\u00ebt e James Franco.<\/p>\n<p><img loading=\"lazy\" decoding=\"async\" class=\"alignnone size-full wp-image-22005\" src=\"https:\/\/www.smilehairclinic.com\/wp-content\/uploads\/2025\/03\/James-Franco-Hair-Transplant.jpg\" alt=\"\" width=\"900\" height=\"400\" title=\"\" srcset=\"https:\/\/www.smilehairclinic.com\/wp-content\/uploads\/2025\/03\/James-Franco-Hair-Transplant.jpg 900w, https:\/\/www.smilehairclinic.com\/wp-content\/uploads\/2025\/03\/James-Franco-Hair-Transplant-300x133.jpg 300w, https:\/\/www.smilehairclinic.com\/wp-content\/uploads\/2025\/03\/James-Franco-Hair-Transplant-768x341.jpg 768w, https:\/\/www.smilehairclinic.com\/wp-content\/uploads\/2025\/03\/James-Franco-Hair-Transplant-450x200.jpg 450w\" sizes=\"auto, (max-width: 900px) 100vw, 900px\" \/><\/p>\n<p><strong>A jan\u00eb transplantet e flok\u00ebve t\u00eb p\u00ebrhershme?<\/strong><\/p>\n<p>Nj\u00eb nga pyetjet q\u00eb lind nga spekulimet p\u00ebr transplantin e flok\u00ebve t\u00eb James Franco \u00ebsht\u00eb n\u00ebse kjo procedur\u00eb \u00ebsht\u00eb e p\u00ebrhershme. Ky seksion shqyrton jet\u00ebgjat\u00ebsin\u00eb dhe mir\u00ebmbajtjen e transplanteve t\u00eb flok\u00ebve.<\/p>\n<p><strong>Keqkuptimet rreth transplantit t\u00eb flok\u00ebve<\/strong><\/p>\n<p>Keqkuptimet mbi transplantin e flok\u00ebve mund t\u00eb ushqejn\u00eb thashetheme si ato p\u00ebr James Franco. Kjo pjes\u00eb synon t\u00eb sqaroj\u00eb keqkuptimet m\u00eb t\u00eb zakonshme dhe t\u00eb ofroj\u00eb informacion t\u00eb sakt\u00eb.<\/p>\n<h3>Q\u00ebndrimi i James Franco ndaj pamjes dhe plakjes<\/h3>\n<p>Edhe pse nuk i ka adresuar drejtp\u00ebrdrejt thashethemet p\u00ebr transplant flok\u00ebsh, aktori ka folur hapur p\u00ebr pik\u00ebpamjet e tij mbi stilin personal dhe pamjen. Ky seksion shqyrton filozofin\u00eb e tij dhe m\u00ebnyr\u00ebn se si ajo mund t\u00eb lidhet me zgjedhjet e tij p\u00ebr flok\u00ebt.<\/p>\n<p><strong>Ndikimi i plakjes n\u00eb flok\u00eb<\/strong><\/p>\n<p>Ashtu si shum\u00eb njer\u00ebz, flok\u00ebt e James Franco mund t\u00eb ndryshojn\u00eb p\u00ebr shkak t\u00eb plakjes natyrale. Ky segment shpjegon ndryshimet normale q\u00eb ndodhin n\u00eb flok\u00eb me kalimin e viteve.<\/p>\n<p><strong>Trajtimi i r\u00ebnies s\u00eb flok\u00ebve: alternativa p\u00ebrtej transplantit<\/strong><\/p>\n<p>Edhe pse nj\u00eb transplant flok\u00ebsh i James Franco nuk \u00ebsht\u00eb i konfirmuar, ekzistojn\u00eb metoda t\u00eb tjera p\u00ebr t\u00eb luftuar r\u00ebnien e flok\u00ebve. Ky seksion shqyrton trajtime alternative q\u00eb ai mund t\u00eb ket\u00eb konsideruar ose p\u00ebrdorur.<\/p>\n<h3>Roli i medias n\u00eb thashethemet p\u00ebr transplantin e flok\u00ebve t\u00eb James Franco<\/h3>\n<p>Spekulimet mediatike rreth personazheve t\u00eb famsh\u00ebm, p\u00ebrfshir\u00eb thashethemet p\u00ebr transplantin e flok\u00ebve t\u00eb James Franco, jan\u00eb b\u00ebr\u00eb t\u00eb zakonshme. Kjo pjes\u00eb analizon se si media ndikon n\u00eb opinionin publik dhe p\u00ebrhap k\u00ebto thashetheme.<\/p>\n<p><strong>Flok\u00ebt e James Franco: mbulimi mediatik nd\u00ebr vite<\/strong><\/p>\n<p>Si i ka trajtuar media flok\u00ebt e James Franco? Nj\u00eb p\u00ebrmbledhje e mbulimit mediatik mund t\u00eb jap\u00eb ide se si kan\u00eb nisur dhe vazhduar k\u00ebto thashetheme.<\/p>\n<p><strong>Ndikimi i rrjeteve sociale n\u00eb imazhin e personazheve t\u00eb famsh\u00ebm<\/strong><\/p>\n<p>Rrjetet sociale kan\u00eb luajtur gjithashtu nj\u00eb rol n\u00eb p\u00ebrhapjen e spekulimeve rreth flok\u00ebve t\u00eb James Franco. Ky seksion analizon ndikimin e platformave online.<\/p>\n<h3>Kuptimi i r\u00ebnies s\u00eb flok\u00ebve te meshkujt<\/h3>\n<p>R\u00ebnia e flok\u00ebve sipas modelit mashkullor \u00ebsht\u00eb nj\u00eb shqet\u00ebsim i zakonsh\u00ebm dhe mund t\u00eb jet\u00eb nj\u00eb faktor n\u00eb ndryshimet e flok\u00ebve t\u00eb James Franco. Ky segment e shpjegon gjendjen n\u00eb detaje.<\/p>\n<p><strong>Opsionet e trajtimit p\u00ebr r\u00ebnien e flok\u00ebve te meshkujt<\/strong><\/p>\n<p>Edhe pse transplant flok\u00ebsh i James Franco mbetet spekulativ, meshkujt e tjer\u00eb q\u00eb p\u00ebrballen me r\u00ebnie flok\u00ebsh mund t\u00eb marrin n\u00eb konsiderat\u00eb trajtime t\u00eb ndryshme. Kjo pjes\u00eb paraqet opsionet e mundshme.<\/p>\n<p><strong>Ndikimi psikologjik i r\u00ebnies s\u00eb flok\u00ebve<\/strong><\/p>\n<p>R\u00ebnia e flok\u00ebve mund t\u00eb ket\u00eb ndikim t\u00eb madh emocional. Ky seksion shqyrton efektet psikologjike q\u00eb mund t\u00eb shpjegojn\u00eb pse njer\u00ebzit, p\u00ebrfshir\u00eb personazhe t\u00eb famsh\u00ebm si Franco, k\u00ebrkojn\u00eb restaurim t\u00eb flok\u00ebve.<\/p>\n<h4>Shkenca e rritjes s\u00eb flok\u00ebve<\/h4>\n<p>T\u00eb kuptuarit e shkenc\u00ebs s\u00eb rritjes s\u00eb flok\u00ebve ndihmon n\u00eb rr\u00ebzimin e disa miteve rreth flok\u00ebve t\u00eb James Franco dhe nj\u00eb transplanti t\u00eb mundsh\u00ebm. Kjo pjes\u00eb shpjegon proceset biologjike t\u00eb rritjes s\u00eb flok\u00ebve.<\/p>\n<p><strong>Faktor\u00ebt q\u00eb ndikojn\u00eb n\u00eb rritjen e flok\u00ebve<\/strong><\/p>\n<p>Shum\u00eb faktor\u00eb, nga gjenetika te stili i jetes\u00ebs, ndikojn\u00eb n\u00eb rritjen e flok\u00ebve. Ky seksion analizon se si k\u00ebta faktor\u00eb mund t\u00eb ken\u00eb ndikuar n\u00eb flok\u00ebt e James Franco me kalimin e koh\u00ebs.<\/p>\n<p><strong>Produktet p\u00ebr rritjen e flok\u00ebve dhe efektiviteti i tyre<\/strong><\/p>\n<p>N\u00ebse nuk b\u00ebhet fjal\u00eb p\u00ebr nj\u00eb transplant flok\u00ebsh t\u00eb James Franco, a mund t\u00eb shpjegojn\u00eb produktet p\u00ebr rritjen e flok\u00ebve ndryshimin e pamjes s\u00eb tij? Kjo pjes\u00eb shqyrton produktet m\u00eb t\u00eb njohura dhe efektivitetin e tyre.<\/p>\n<h4>Ndikimi i personazheve t\u00eb famsh\u00ebm n\u00eb trendet e transplantit t\u00eb flok\u00ebve<\/h4>\n<p>Personazhet e famsh\u00ebm kan\u00eb ndikim t\u00eb madh n\u00eb perceptimin publik dhe n\u00eb trende. Ky seksion shpjegon se si thashethemet, si ato p\u00ebr transplantin e flok\u00ebve t\u00eb James Franco, mund t\u00eb ndikojn\u00eb n\u00eb interesin e publikut p\u00ebr procedurat e restaurimit t\u00eb flok\u00ebve.<\/p>\n<p><strong>Personazhe t\u00eb tjer\u00eb t\u00eb famsh\u00ebm q\u00eb kan\u00eb b\u00ebr\u00eb transplant flok\u00ebsh<\/strong><\/p>\n<p>James Franco nuk \u00ebsht\u00eb i vetmi personazh i famsh\u00ebm p\u00ebr t\u00eb cilin \u00ebsht\u00eb spekuluar p\u00ebr transplant flok\u00ebsh. Kjo pjes\u00eb p\u00ebrmend figura t\u00eb tjera t\u00eb njohura q\u00eb e kan\u00eb konfirmuar ose p\u00ebr t\u00eb cilat ka pasur thashetheme.<\/p>\n<p>Rreziqet dhe p\u00ebrfitimet e ndjekjes s\u00eb trendeve t\u00eb personazheve t\u00eb famsh\u00ebm<br \/>\nImitimi i personazheve t\u00eb famsh\u00ebm mund t\u00eb sjell\u00eb p\u00ebrfitime, por edhe rreziqe. Ky segment analizon pasojat e ndjekjes s\u00eb trendeve t\u00eb flok\u00ebve t\u00eb famsh\u00ebm dhe r\u00ebnd\u00ebsin\u00eb e vendimeve t\u00eb informuara.<\/p>\n<h5>Si t\u00eb p\u00ebrcaktoni n\u00ebse transplantimi i flok\u00ebve \u00ebsht\u00eb i duhuri p\u00ebr ju<\/h5>\n<p>Edhe pse nuk jemi t\u00eb sigurt p\u00ebr nj\u00eb transplant flok\u00ebsh t\u00eb James Franco, individ\u00ebt q\u00eb po e konsiderojn\u00eb k\u00ebt\u00eb procedur\u00eb duhet t\u00eb vler\u00ebsojn\u00eb shqet\u00ebsimet e tyre. Ky seksion ofron udh\u00ebzime p\u00ebr vler\u00ebsimin e r\u00ebnies s\u00eb flok\u00ebve.<\/p>\n<p><strong>Konsultimi me profesionist\u00eb<\/strong><\/p>\n<p>Para marrjes s\u00eb nj\u00eb vendimi, konsultimi me profesionist\u00eb \u00ebsht\u00eb thelb\u00ebsor. Ky segment thekson r\u00ebnd\u00ebsin\u00eb e udh\u00ebzimit profesional p\u00ebr t\u00eb zgjedhur opsionin m\u00eb t\u00eb mir\u00eb.<\/p>\n<p><strong>Kostoja dhe faktor\u00ebt e transplantit t\u00eb flok\u00ebve<\/strong><\/p>\n<p>Nj\u00eb transplant flok\u00ebsh \u00ebsht\u00eb nj\u00eb vendim i r\u00ebnd\u00ebsish\u00ebm, si financiarisht ashtu edhe personalisht. Kjo pjes\u00eb p\u00ebrshkruan kostot dhe faktor\u00ebt q\u00eb duhen marr\u00eb parasysh.<\/p>\n<h5>Mendime p\u00ebrfundimtare mbi thashethemet e transplantit t\u00eb flok\u00ebve t\u00eb James Franco<\/h5>\n<p><strong>Ndarja e spekulimeve nga realiteti<\/strong><\/p>\n<p>Thashethemet, si spekulimet p\u00ebr transplantin e flok\u00ebve t\u00eb James Franco, mbeten thjesht thashetheme. \u00cbsht\u00eb e r\u00ebnd\u00ebsishme t\u00eb ndahet fakti nga trillimi dhe t\u00eb mos nxirren p\u00ebrfundime pa prova.<\/p>\n<p><strong>R\u00ebnd\u00ebsia e zgjedhjes personale<\/strong><\/p>\n<p>N\u00ebse James Franco ka b\u00ebr\u00eb apo jo transplant flok\u00ebsh \u00ebsht\u00eb nj\u00eb zgjedhje personale dhe \u00e7do individ ka t\u00eb drejt\u00eb t\u00eb vendos\u00eb p\u00ebr pamjen e tij pa gjykim.<\/p>\n<p><strong>Pranimi i ndryshimit dhe plakja me dinjitet<\/strong><\/p>\n<p>Pavar\u00ebsisht s\u00eb v\u00ebrtet\u00ebs rreth thashethemeve p\u00ebr transplantin e flok\u00ebve t\u00eb James Franco, aktori vazhdon t\u00eb frym\u00ebzoj\u00eb me talentin, stilin dhe qasjen e tij. Pranimi i ndryshimit dhe plakja me dinjitet jan\u00eb m\u00ebsime q\u00eb mund t\u2019i nxjerrim nga rrug\u00ebtimi i tij.<\/p>\n<p><img loading=\"lazy\" decoding=\"async\" class=\"alignnone size-full wp-image-21990\" src=\"https:\/\/www.smilehairclinic.com\/wp-content\/uploads\/2025\/03\/James-Franco-Hair.jpg\" alt=\"\" width=\"900\" height=\"400\" title=\"\" srcset=\"https:\/\/www.smilehairclinic.com\/wp-content\/uploads\/2025\/03\/James-Franco-Hair.jpg 900w, https:\/\/www.smilehairclinic.com\/wp-content\/uploads\/2025\/03\/James-Franco-Hair-300x133.jpg 300w, https:\/\/www.smilehairclinic.com\/wp-content\/uploads\/2025\/03\/James-Franco-Hair-768x341.jpg 768w, https:\/\/www.smilehairclinic.com\/wp-content\/uploads\/2025\/03\/James-Franco-Hair-450x200.jpg 450w\" sizes=\"auto, (max-width: 900px) 100vw, 900px\" \/><\/p>\n<p>&nbsp;<\/p>\n<p>&nbsp;<\/p>\n<p>Instagram: <a href=\"https:\/\/www.instagram.com\/smilehairclinic\/\" target=\"_blank\" rel=\"noopener\">smilehairclinic<\/a><\/p>\n","protected":false},"excerpt":{"rendered":"<p>Thashethemet rreth transplantit t\u00eb flok\u00ebve t\u00eb James Franco James Franco, aktori dhe artisti i njohur, ka b\u00ebr\u00eb q\u00eb fansat t\u00eb spekulojn\u00eb prej vitesh p\u00ebr nj\u00eb t\u00eb mundsh\u00ebm transplant flok\u00ebsh t\u00eb James Franco. K\u00ebto thashetheme jan\u00eb kthyer n\u00eb nj\u00eb tem\u00eb t\u00eb nxeht\u00eb mes ndjek\u00ebsve t\u00eb personazheve t\u00eb famsh\u00ebm dhe fansave. Si nis\u00ebn k\u00ebto spekulime? Nj\u00eb ndryshim [&hellip;]<\/p>\n","protected":false},"author":8,"featured_media":11058,"comment_status":"closed","ping_status":"closed","sticky":false,"template":"","format":"standard","meta":{"footnotes":""},"categories":[43,410],"tags":[],"class_list":["post-30384","post","type-post","status-publish","format-standard","has-post-thumbnail","hentry","category-blog","category-transplanti-i-flokeve-te-personazheve-te-famshem"],"_links":{"self":[{"href":"https:\/\/www.smilehairclinic.com\/sq\/wp-json\/wp\/v2\/posts\/30384","targetHints":{"allow":["GET"]}}],"collection":[{"href":"https:\/\/www.smilehairclinic.com\/sq\/wp-json\/wp\/v2\/posts"}],"about":[{"href":"https:\/\/www.smilehairclinic.com\/sq\/wp-json\/wp\/v2\/types\/post"}],"author":[{"embeddable":true,"href":"https:\/\/www.smilehairclinic.com\/sq\/wp-json\/wp\/v2\/users\/8"}],"replies":[{"embeddable":true,"href":"https:\/\/www.smilehairclinic.com\/sq\/wp-json\/wp\/v2\/comments?post=30384"}],"version-history":[{"count":1,"href":"https:\/\/www.smilehairclinic.com\/sq\/wp-json\/wp\/v2\/posts\/30384\/revisions"}],"predecessor-version":[{"id":31186,"href":"https:\/\/www.smilehairclinic.com\/sq\/wp-json\/wp\/v2\/posts\/30384\/revisions\/31186"}],"wp:featuredmedia":[{"embeddable":true,"href":"https:\/\/www.smilehairclinic.com\/sq\/wp-json\/wp\/v2\/media\/11058"}],"wp:attachment":[{"href":"https:\/\/www.smilehairclinic.com\/sq\/wp-json\/wp\/v2\/media?parent=30384"}],"wp:term":[{"taxonomy":"category","embeddable":true,"href":"https:\/\/www.smilehairclinic.com\/sq\/wp-json\/wp\/v2\/categories?post=30384"},{"taxonomy":"post_tag","embeddable":true,"href":"https:\/\/www.smilehairclinic.com\/sq\/wp-json\/wp\/v2\/tags?post=30384"}],"curies":[{"name":"wp","href":"https:\/\/api.w.org\/{rel}","templated":true}]}}