{"id":30223,"date":"2025-03-14T10:43:34","date_gmt":"2025-03-14T07:43:34","guid":{"rendered":"https:\/\/www.smilehairclinic.com\/transplante-capilar-de-brendan-fraser\/"},"modified":"2026-01-21T18:18:31","modified_gmt":"2026-01-21T15:18:31","slug":"transplante-capilar-de-brendan-fraser","status":"publish","type":"post","link":"https:\/\/www.smilehairclinic.com\/pt\/transplante-capilar-de-brendan-fraser\/","title":{"rendered":"Transplante capilar de Brendan Fraser"},"content":{"rendered":"<h2><b>Transplante de Cabelo de Brendan Fraser: Um Grande Sucesso<\/b><\/h2>\n<p><span style=\"font-weight: 400;\">Alcan\u00e7ando a fama com &#8220;A M\u00famia&#8221;, Brendan Fraser, um ator americano-canadense, rapidamente ganhou destaque na ind\u00fastria. O ator bonito, charmoso e de olhos azuis logo se tornou um gal\u00e3 e assinou um filme ap\u00f3s o outro, todos um sucesso. Como acontece com muitos homens, <\/span>Brenan Fraser <a href=\"https:\/\/www.smilehairclinic.com\/pt\/transplantes-capilares-de-celebridades\/\">transplante capilar<\/a> <span style=\"font-weight: 400;\">logo come\u00e7aram a circular especula\u00e7\u00f5es online. O motivo: o afinamento de seu cabelo castanho-escuro.<\/span><\/p>\n<p><span style=\"font-weight: 400;\">Um transplante capilar n\u00e3o \u00e9 necessariamente obrigat\u00f3rio nem a \u00fanica solu\u00e7\u00e3o se o problema for leve. \u00c0s vezes, medicamentos que cont\u00eam horm\u00f4nios de crescimento capilar ou rem\u00e9dios naturais funcionam muito bem. Mas se o problema persistir e nenhuma solu\u00e7\u00e3o parecer funcionar, as pessoas geralmente acabam fazendo o procedimento para recuperar o crescimento do cabelo.<\/span><\/p>\n<p><span style=\"font-weight: 400;\">O transplante capilar \u00e9 a \u00fanica solu\u00e7\u00e3o permanente para a calv\u00edcie. Se voc\u00ea notar uma grande queda de cabelo, marque uma consulta com a <\/span><a href=\"https:\/\/www.smilehairclinic.com\/pt\/category\/treatments\/\"><span style=\"font-weight: 400;\">Smile Hair Clinic em Istambul, Turquia<\/span><\/a><span style=\"font-weight: 400;\">. \u00c9 uma cl\u00ednica que j\u00e1 atendeu muitos clientes de alto perfil.<\/span><\/p>\n<h2><strong>A maioria dos famosos homens faz transplante capilar?<\/strong><\/h2>\n<p>O mundo do entretenimento e a constante exposi\u00e7\u00e3o aos holofotes exercem uma enorme press\u00e3o sobre as celebridades para manterem uma apar\u00eancia impec\u00e1vel. Por isso, o conceito de melhorias est\u00e9ticas, desde cuidados com a pele at\u00e9 cirurgias, n\u00e3o \u00e9 estranho em Hollywood. Um dos procedimentos mais comentados, por\u00e9m raramente confirmados, \u00e9 o transplante capilar. Um dos nomes mais recentes alvo desses rumores? O querido Brendan Fraser.<\/p>\n<p>Brendan Fraser, celebrado por pap\u00e9is inesquec\u00edveis em &#8220;A M\u00famia&#8221; e &#8220;George, o Rei da Floresta&#8221;, viu tanto um renascimento em sua carreira quanto mudan\u00e7as percept\u00edveis em sua linha capilar ao longo dos anos. Isso levou muitos a se perguntarem: Brendan Fraser fez um transplante capilar? Embora o ator tenha optado pela discri\u00e7\u00e3o em vez de revelar suas escolhas pessoais, a diferen\u00e7a no volume e na apar\u00eancia de seu cabelo certamente despertou curiosidade.<\/p>\n<div class=\"lyte-wrapper\" style=\"width:853px;max-width:100%;margin:5px;\"><div class=\"lyMe hidef\" id=\"WYL_QUH8CphBxo4\"><div id=\"lyte_QUH8CphBxo4\" data-src=\"\/\/i.ytimg.com\/vi\/QUH8CphBxo4\/maxresdefault.jpg\" class=\"pL\"><div class=\"tC\"><div class=\"tT\"><\/div><\/div><div class=\"play\"><\/div><div class=\"ctrl\"><div class=\"Lctrl\"><\/div><div class=\"Rctrl\"><\/div><\/div><\/div><noscript><a href=\"https:\/\/youtu.be\/QUH8CphBxo4\" rel=\"nofollow noopener\" target=\"_blank\"><img loading=\"lazy\" decoding=\"async\" src=\"https:\/\/i.ytimg.com\/vi\/QUH8CphBxo4\/0.jpg\" alt=\"YouTube video thumbnail\" width=\"853\" height=\"460\" title=\"\"><br \/>Watch this video on YouTube<\/a><\/noscript><\/div><\/div><div class=\"lL\" style=\"max-width:100%;width:853px;margin:5px;\"><\/div><\/p>\n<h3><b>Brendan Fraser fez um transplante capilar?<\/b><\/h3>\n<p><span style=\"font-weight: 400;\">De acordo com as alega\u00e7\u00f5es,<\/span> as hist\u00f3rias sobre o transplante capilar de Brendan Fraser <span style=\"font-weight: 400;\">s\u00e3o verdadeiras. Foi em 2008 que os primeiros sinais de queda de cabelo se tornaram evidentes. Tamb\u00e9m foi nessa \u00e9poca que sua carreira come\u00e7ou a desacelerar. Ele passou por um per\u00edodo dif\u00edcil ap\u00f3s sucessos fenomenais.<\/span><\/p>\n<p><span style=\"font-weight: 400;\">No mundo do entretenimento, a apar\u00eancia importa, e n\u00e3o \u00e9 surpreendente que um famoso comece a perder pap\u00e9is por causa de uma linha capilar recuada. Quando Brendan Fraser come\u00e7ou a enfrentar a calv\u00edcie nos anos 2000, ele decidiu fazer um transplante capilar, segundo fontes.<\/span><\/p>\n<p>O transplante capilar de Brendan Fraser <span style=\"font-weight: 400;\">gerou grande interesse do p\u00fablico. Como um ator muito querido, as pessoas come\u00e7aram a acompanhar hist\u00f3rias sobre seu cabelo e o que ele planejava fazer a respeito.<\/span><\/p>\n<p><span style=\"font-weight: 400;\">Depois que as especula\u00e7\u00f5es sobre o transplante capilar de Brendan Fraser se confirmaram, suas fotos de antes e depois se espalharam pela internet. Seus f\u00e3s ficaram felizes em v\u00ea-lo com um novo visual, e ele logo voltou \u00e0 sua antiga forma.<\/span><\/p>\n<h3><strong>Brendan Fraser vence o Oscar de Melhor Ator em 2023!<\/strong><\/h3>\n<p><span style=\"font-weight: 400;\">O famoso ator ganhou o Oscar de Melhor Ator em 2023 por seu sucesso em &#8220;A Baleia&#8221;.<\/span><\/p>\n<p><span style=\"font-weight: 400;\">Brendan Fraser, o melhor ator de 2023, tamb\u00e9m chamou aten\u00e7\u00e3o com o resultado de seu transplante capilar durante seu discurso.<\/span><\/p>\n<p>\u00a0<\/p>\n<h3><b>Por que fazer um transplante capilar na Turquia?<\/b><\/h3>\n<p><span style=\"font-weight: 400;\">Fazer ou n\u00e3o um transplante capilar \u00e9 uma escolha totalmente pessoal. Algumas pessoas n\u00e3o se importam em perder cabelo e se sentem confiantes com sua apar\u00eancia. Ter ou n\u00e3o ter cabelo n\u00e3o as incomoda.<\/span><\/p>\n<p><span style=\"font-weight: 400;\">De acordo com estudos, 85% dos homens e 55% das mulheres sofrem de problemas relacionados ao cabelo, e a maioria acaba fazendo um transplante capilar. O problema \u00e9 gen\u00e9tico e, com o avan\u00e7o da idade, especialmente na meia-idade, as pessoas come\u00e7am a perder cabelo.<\/span><\/p>\n<p><span style=\"font-weight: 400;\">A Turquia \u00e9 famosa por transplantes capilares, e a demanda a cada ano \u00e9 bastante alta. Os servi\u00e7os oferecidos no pa\u00eds e os resultados s\u00e3o excepcionais. Essa \u00e9 a raz\u00e3o pela qual o pa\u00eds ganhou popularidade na \u00e1rea de transplante capilar.<\/span><\/p>\n<p>\u00a0<\/p>\n<p>Instagram: <a href=\"https:\/\/www.instagram.com\/smilehairclinic\/\" target=\"_blank\" rel=\"noopener\">smilehairclinic<\/a><\/p>\n","protected":false},"excerpt":{"rendered":"<p>Transplante de Cabelo de Brendan Fraser: Um Grande Sucesso Alcan\u00e7ando a fama com &#8220;A M\u00famia&#8221;, Brendan Fraser, um ator americano-canadense, rapidamente ganhou destaque na ind\u00fastria. O ator bonito, charmoso e de olhos azuis logo se tornou um gal\u00e3 e assinou um filme ap\u00f3s o outro, todos um sucesso. Como acontece com muitos homens, Brenan Fraser [&hellip;]<\/p>\n","protected":false},"author":8,"featured_media":30219,"comment_status":"closed","ping_status":"closed","sticky":false,"template":"","format":"standard","meta":{"footnotes":""},"categories":[406,359],"tags":[],"class_list":["post-30223","post","type-post","status-publish","format-standard","has-post-thumbnail","hentry","category-transplante-capilar-de-celebridades","category-blog"],"_links":{"self":[{"href":"https:\/\/www.smilehairclinic.com\/pt\/wp-json\/wp\/v2\/posts\/30223","targetHints":{"allow":["GET"]}}],"collection":[{"href":"https:\/\/www.smilehairclinic.com\/pt\/wp-json\/wp\/v2\/posts"}],"about":[{"href":"https:\/\/www.smilehairclinic.com\/pt\/wp-json\/wp\/v2\/types\/post"}],"author":[{"embeddable":true,"href":"https:\/\/www.smilehairclinic.com\/pt\/wp-json\/wp\/v2\/users\/8"}],"replies":[{"embeddable":true,"href":"https:\/\/www.smilehairclinic.com\/pt\/wp-json\/wp\/v2\/comments?post=30223"}],"version-history":[{"count":1,"href":"https:\/\/www.smilehairclinic.com\/pt\/wp-json\/wp\/v2\/posts\/30223\/revisions"}],"predecessor-version":[{"id":30995,"href":"https:\/\/www.smilehairclinic.com\/pt\/wp-json\/wp\/v2\/posts\/30223\/revisions\/30995"}],"wp:featuredmedia":[{"embeddable":true,"href":"https:\/\/www.smilehairclinic.com\/pt\/wp-json\/wp\/v2\/media\/30219"}],"wp:attachment":[{"href":"https:\/\/www.smilehairclinic.com\/pt\/wp-json\/wp\/v2\/media?parent=30223"}],"wp:term":[{"taxonomy":"category","embeddable":true,"href":"https:\/\/www.smilehairclinic.com\/pt\/wp-json\/wp\/v2\/categories?post=30223"},{"taxonomy":"post_tag","embeddable":true,"href":"https:\/\/www.smilehairclinic.com\/pt\/wp-json\/wp\/v2\/tags?post=30223"}],"curies":[{"name":"wp","href":"https:\/\/api.w.org\/{rel}","templated":true}]}}