{"id":30048,"date":"2025-03-14T11:28:11","date_gmt":"2025-03-14T08:28:11","guid":{"rendered":"https:\/\/www.smilehairclinic.com\/transplante-capilar-de-harry-kane\/"},"modified":"2025-03-14T11:28:11","modified_gmt":"2025-03-14T08:28:11","slug":"transplante-capilar-de-harry-kane","status":"publish","type":"post","link":"https:\/\/www.smilehairclinic.com\/pt\/transplante-capilar-de-harry-kane\/","title":{"rendered":"Transplante capilar de Harry Kane"},"content":{"rendered":"<h2><b>Harry Kane e tudo sobre o transplante de cabelo<\/b><\/h2>\n<p><span style=\"font-weight: 400;\">Atuando pelo clube da Premier League Tottenham Hotspur, Harry Kane construiu uma carreira de grande destaque. Ele tamb\u00e9m \u00e9 o capit\u00e3o da sele\u00e7\u00e3o inglesa. Com uma trajet\u00f3ria de sucesso, Harry Kane chegou ao topo e passou a ser comparado a Cristiano Ronaldo e Lionel Messi. No entanto,<\/span> Harry Kane <a href=\"https:\/\/www.smilehairclinic.com\/en\/\">Hair Transplant<\/a> <span style=\"font-weight: 400;\">logo chamou a aten\u00e7\u00e3o da m\u00eddia, pois o recuo da linha frontal do cabelo se tornou mais vis\u00edvel.<\/span><\/p>\n<p><span style=\"font-weight: 400;\">Um dos temas mais comentados da temporada, al\u00e9m da Copa do Mundo de 2022 no Catar, \u00e9 a linha capilar do astro do futebol. Os rumores sobre <\/span>Harry Kane Hair Transplant <span style=\"font-weight: 400;\">s\u00e3o verdadeiros? O tempo vai mostrar, mas especialistas afirmam que, no momento, n\u00e3o h\u00e1 motivo para grande preocupa\u00e7\u00e3o.<\/span><\/p>\n<h3><b>Harry Kane vai fazer um transplante de cabelo?<\/b><\/h3>\n<p><span style=\"font-weight: 400;\">Harry Kane est\u00e1 no n\u00edvel 3 da escala de Norwood, o que n\u00e3o \u00e9 considerado grave. Por\u00e9m, se ignorado, o quadro pode piorar com o tempo. A principal causa \u00e9 a calv\u00edcie heredit\u00e1ria, que afeta cerca de 50 a 60 por cento da popula\u00e7\u00e3o mundial, incluindo mulheres. \u00c9 um n\u00famero expressivo. Pessoas de diferentes origens podem apresentar queda de cabelo por fatores gen\u00e9ticos.<\/span><\/p>\n<p><span style=\"font-weight: 400;\">Tratar a queda de cabelo no momento certo \u00e9 essencial, caso contr\u00e1rio pode se tornar tarde demais. Existem casos de pessoas que recuperaram o cabelo ap\u00f3s o transplante, mas essa n\u00e3o \u00e9 a solu\u00e7\u00e3o ideal para todos. Esperar muito tempo dificulta a recupera\u00e7\u00e3o do crescimento capilar.<\/span><\/p>\n<p><span style=\"font-weight: 400;\">Sobre <\/span>Harry Kane Hair Transplant<span style=\"font-weight: 400;\">, algumas fontes indicam que ele planeja realizar o procedimento em um futuro pr\u00f3ximo. Como j\u00e1 existem sinais de afinamento na regi\u00e3o frontal e recuo da linha capilar, o transplante nesta fase parece uma escolha l\u00f3gica.<\/span><\/p>\n<h3><b>Qual \u00e9 o melhor m\u00e9todo de transplante de cabelo?<\/b><\/h3>\n<p><span style=\"font-weight: 400;\">Harry Kane n\u00e3o \u00e9 o \u00fanico famoso associado ao transplante capilar. Muitos outros nomes j\u00e1 foram citados, incluindo Tom Brady. Os rumores sobre se <\/span><a href=\"https:\/\/www.smilehairclinic.com\/pt\/transplante-capilar-de-tom-brady\/\"><span style=\"font-weight: 400;\">Tom Brady fez um transplante de cabelo ganharam destaque em revistas de moda<\/span><\/a><span style=\"font-weight: 400;\">. N\u00e3o h\u00e1 confirma\u00e7\u00e3o oficial, mas muitos especialistas acreditam que ele tenha passado por um procedimento, devido \u00e0 densidade do seu cabelo.<\/span><\/p>\n<p><span style=\"font-weight: 400;\">O que \u00e9 certo \u00e9 que o m\u00e9todo de Extra\u00e7\u00e3o de Unidades Foliculares (FUE) \u00e9 o mais utilizado atualmente. Os principais benef\u00edcios do FUE s\u00e3o:<\/span><\/p>\n<ul>\n<li style=\"font-weight: 400;\" aria-level=\"1\"><span style=\"font-weight: 400;\">Sem cicatrizes vis\u00edveis, pois os enxertos s\u00e3o retirados da parte posterior da cabe\u00e7a e implantados um a um.<\/span><\/li>\n<li style=\"font-weight: 400;\" aria-level=\"1\"><span style=\"font-weight: 400;\">Menor desconforto, com dor geralmente leve.<\/span><\/li>\n<li style=\"font-weight: 400;\" aria-level=\"1\"><span style=\"font-weight: 400;\">Procedimento mais acess\u00edvel em compara\u00e7\u00e3o com outros m\u00e9todos.<\/span><\/li>\n<li style=\"font-weight: 400;\" aria-level=\"1\"><span style=\"font-weight: 400;\">Recupera\u00e7\u00e3o r\u00e1pida, com crescimento do cabelo vis\u00edvel em at\u00e9 seis meses na maioria dos casos e resultado mais evidente ap\u00f3s um ano.<\/span><\/li>\n<\/ul>\n<p><span style=\"font-weight: 400;\">O transplante de cabelo \u00e9 uma decis\u00e3o pessoal. Se a pessoa est\u00e1 satisfeita com a pr\u00f3pria apar\u00eancia e a calv\u00edcie n\u00e3o incomoda, n\u00e3o h\u00e1 necessidade de mudar. Por\u00e9m, se a queda de cabelo afeta a confian\u00e7a, como acontece em muitos casos, o transplante capilar pode ser uma boa op\u00e7\u00e3o.<\/span><\/p>\n<p><span style=\"font-weight: 400;\">Embora nenhuma fonte tenha confirmado at\u00e9 o momento as informa\u00e7\u00f5es sobre <\/span>Harry Kane Hair Transplant<span style=\"font-weight: 400;\">, a Copa do Mundo de 2022 no Catar pode oferecer ind\u00edcios mais claros sobre a realiza\u00e7\u00e3o do procedimento.<\/span><\/p>\n<p>&nbsp;<\/p>\n<p>Instagram: <a href=\"https:\/\/www.instagram.com\/smilehairclinic\/\" target=\"_blank\" rel=\"noopener\">smilehairclinic<\/a><\/p>\n","protected":false},"excerpt":{"rendered":"<p>Harry Kane e tudo sobre o transplante de cabelo Atuando pelo clube da Premier League Tottenham Hotspur, Harry Kane construiu uma carreira de grande destaque. Ele tamb\u00e9m \u00e9 o capit\u00e3o da sele\u00e7\u00e3o inglesa. Com uma trajet\u00f3ria de sucesso, Harry Kane chegou ao topo e passou a ser comparado a Cristiano Ronaldo e Lionel Messi. No [&hellip;]<\/p>\n","protected":false},"author":8,"featured_media":30046,"comment_status":"closed","ping_status":"closed","sticky":false,"template":"","format":"standard","meta":{"footnotes":""},"categories":[406,359],"tags":[],"class_list":["post-30048","post","type-post","status-publish","format-standard","has-post-thumbnail","hentry","category-transplante-capilar-de-celebridades","category-blog"],"_links":{"self":[{"href":"https:\/\/www.smilehairclinic.com\/pt\/wp-json\/wp\/v2\/posts\/30048","targetHints":{"allow":["GET"]}}],"collection":[{"href":"https:\/\/www.smilehairclinic.com\/pt\/wp-json\/wp\/v2\/posts"}],"about":[{"href":"https:\/\/www.smilehairclinic.com\/pt\/wp-json\/wp\/v2\/types\/post"}],"author":[{"embeddable":true,"href":"https:\/\/www.smilehairclinic.com\/pt\/wp-json\/wp\/v2\/users\/8"}],"replies":[{"embeddable":true,"href":"https:\/\/www.smilehairclinic.com\/pt\/wp-json\/wp\/v2\/comments?post=30048"}],"version-history":[{"count":0,"href":"https:\/\/www.smilehairclinic.com\/pt\/wp-json\/wp\/v2\/posts\/30048\/revisions"}],"wp:featuredmedia":[{"embeddable":true,"href":"https:\/\/www.smilehairclinic.com\/pt\/wp-json\/wp\/v2\/media\/30046"}],"wp:attachment":[{"href":"https:\/\/www.smilehairclinic.com\/pt\/wp-json\/wp\/v2\/media?parent=30048"}],"wp:term":[{"taxonomy":"category","embeddable":true,"href":"https:\/\/www.smilehairclinic.com\/pt\/wp-json\/wp\/v2\/categories?post=30048"},{"taxonomy":"post_tag","embeddable":true,"href":"https:\/\/www.smilehairclinic.com\/pt\/wp-json\/wp\/v2\/tags?post=30048"}],"curies":[{"name":"wp","href":"https:\/\/api.w.org\/{rel}","templated":true}]}}