{"id":29878,"date":"2025-03-14T12:03:04","date_gmt":"2025-03-14T09:03:04","guid":{"rendered":"https:\/\/www.smilehairclinic.com\/greffe-de-cheveux-de-rafael-nadal\/"},"modified":"2025-03-14T12:03:04","modified_gmt":"2025-03-14T09:03:04","slug":"greffe-de-cheveux-de-rafael-nadal","status":"publish","type":"post","link":"https:\/\/www.smilehairclinic.com\/fr\/greffe-de-cheveux-de-rafael-nadal\/","title":{"rendered":"Greffe de cheveux de Rafael Nadal"},"content":{"rendered":"<h2><b>Tout savoir sur le parcours de perte de cheveux de Rafael Nadal<\/b><\/h2>\n<p>Rafael Nadal hair transplant<span style=\"font-weight: 400;\"> est une histoire qui a fait la une des r\u00e9seaux sociaux \u00e0 plusieurs reprises au fil des ann\u00e9es et qui reste encore aujourd\u2019hui un sujet tr\u00e8s discut\u00e9. Rafael Nadal, l\u2019un des trois meilleurs joueurs de tennis au monde aux c\u00f4t\u00e9s de Novak Djokovic et Roger Federer, vainqueur de 20 tournois du Grand Chelem, a commenc\u00e9 \u00e0 souffrir de calvitie en 2016. C\u2019est \u00e0 cette p\u00e9riode qu\u2019il a d\u00e9cid\u00e9 de recourir \u00e0 une <a href=\"https:\/\/www.smilehairclinic.com\/fr\/\">greffe de cheveux<\/a>. Le joueur espagnol aurait subi une intervention par <a href=\"https:\/\/www.smilehairclinic.com\/fr\/greffe-de-cheveux\/\">Extraction d\u2019Unit\u00e9s Folliculaires<\/a> (FUE), avec l\u2019implantation d\u2019environ 4 500 greffons.<\/span><\/p>\n<p><span style=\"font-weight: 400;\">Au d\u00e9but de sa carri\u00e8re, Nadal a rapidement acc\u00e9d\u00e9 \u00e0 la c\u00e9l\u00e9brit\u00e9 gr\u00e2ce \u00e0 ses performances exceptionnelles et est devenu l\u2019idole de millions de fans qui admiraient sa chevelure.<\/span><br \/>\n<a href=\"https:\/\/www.gqindia.com\/grooming\/content\/rafael-nadal-hairstyle-evolution-over-the-years\" target=\"_blank\" rel=\"noopener\"><span style=\"font-weight: 400;\">Sa coiffure est devenue une partie essentielle de sa personnalit\u00e9<\/span><\/a><br \/>\n<span style=\"font-weight: 400;\">, qu\u2019il pose devant les m\u00e9dias avec les cheveux mouill\u00e9s par la transpiration sur le court ou avec une coiffure d\u00e9coiff\u00e9e mais naturelle lors d\u2019\u00e9v\u00e9nements officiels. Avec le temps, sa chevelure libre a commenc\u00e9 \u00e0 s\u2019\u00e9claircir et il a \u00e9t\u00e9 vu de plus en plus souvent avec des bandeaux pendant les matchs. Cela a suscit\u00e9 des soup\u00e7ons, certains estimant que <\/span><b>la perte de cheveux de Rafael Nadal<\/b><span style=\"font-weight: 400;\"> devenait visible \u00e0 travers cette habitude.<\/span><\/p>\n<p><span style=\"font-weight: 400;\">Lors du tournoi de Wimbledon \u00e0 l\u2019\u00e9t\u00e9 2018, lorsqu\u2019il a retir\u00e9 son bandeau pour le lancer \u00e0 ses fans dans le stade, sa perte de cheveux marqu\u00e9e a de nouveau fait la une, transformant les soup\u00e7ons en r\u00e9alit\u00e9. Peu apr\u00e8s, le terme <\/span><strong>\u00ab\u00a0Rafael Nadal hair transplant\u00a0\u00bb<\/strong><span style=\"font-weight: 400;\"> a commenc\u00e9 \u00e0 circuler dans les m\u00e9dias, avec des interrogations sur le succ\u00e8s de sa greffe r\u00e9alis\u00e9e en 2016. En 2018, il aurait ainsi subi une seconde greffe de cheveux.<\/span><\/p>\n<h2><b>La greffe de cheveux de Rafael Nadal a-t-elle \u00e9t\u00e9 un succ\u00e8s ?<\/b><\/h2>\n<p><span style=\"font-weight: 400;\">Nadal a opt\u00e9 pour la technique FUE en 2016.<\/span><br \/>\n<a href=\"https:\/\/www.healthline.com\/health\/cosmetic-surgery\/everything-to-know-about-a-fue-hair-transplant#overview\" target=\"_blank\" rel=\"noopener\"><span style=\"font-weight: 400;\">La m\u00e9thode FUE consiste \u00e0 implanter des cheveux un par un dans les zones clairsem\u00e9es ou d\u00e9pourvues de cheveux<\/span><\/a><br \/>\n<span style=\"font-weight: 400;\">. Le chirurgien pr\u00e9l\u00e8ve des follicules plus r\u00e9sistants et les greffe sur les zones pr\u00e9sentant une calvitie. Il s\u2019agit de l\u2019une des m\u00e9thodes les plus efficaces, laissant peu de cicatrices et offrant un aspect plus dense. Certaines personnes peuvent pr\u00e9senter de petits points blancs ou de l\u00e9g\u00e8res infections, mais la proc\u00e9dure reste globalement s\u00fbre et tr\u00e8s r\u00e9pandue.<\/span><\/p>\n<p><b>La perte de cheveux de Rafael Nadal<\/b><span style=\"font-weight: 400;\"> n\u2019a rien de surprenant. Beaucoup estiment que ses cheveux fins \u00e9taient d\u00e9j\u00e0 visibles dans sa vingtaine et qu\u2019une calvitie masculine \u00e9tait pr\u00e9visible. Nadal souffre d\u2019une alop\u00e9cie androg\u00e9n\u00e9tique avanc\u00e9e. Sa greffe de 2016 est consid\u00e9r\u00e9e comme r\u00e9ussie, car elle lui a permis d\u2019obtenir une chevelure plus fournie gr\u00e2ce aux greffons implant\u00e9s.<\/span><\/p>\n<h2><b>Raison d\u2019une nouvelle greffe de cheveux pour Rafael Nadal :<\/b><\/h2>\n<p><span style=\"font-weight: 400;\">Tout au long de sa carri\u00e8re remarquable, Rafael Nadal a subi de nombreuses blessures graves qui ont mis sa carri\u00e8re en danger. Pourtant, il est toujours revenu plus fort. Un probl\u00e8me constant l\u2019a cependant accompagn\u00e9 pendant des ann\u00e9es : la chute continue de ses cheveux.<\/span><br \/>\nRafael Nadal hair loss<span style=\"font-weight: 400;\"> a \u00e9galement relanc\u00e9 le d\u00e9bat sur l\u2019importance des cheveux dans l\u2019image personnelle.<\/span><\/p>\n<p><span style=\"font-weight: 400;\">Pour certains, perdre ses cheveux peut sembler insignifiant, car l\u2019admiration pour Nadal ne d\u00e9pend pas de son apparence. Cependant, il est vrai que les cheveux influencent la perception et la confiance en soi. La calvitie masculine peut avoir un impact psychologique important.<\/span><\/p>\n<p><span style=\"font-weight: 400;\">En revenant \u00e0 <\/span>Rafael Nadal hair transplant<span style=\"font-weight: 400;\">, la raison pour laquelle il a besoin d\u2019une nouvelle greffe est que ses cheveux naturels continuent de tomber. Les cheveux transplant\u00e9s, eux, sont plus r\u00e9sistants. Une nouvelle greffe permet donc d\u2019augmenter la densit\u00e9 et d\u2019\u00e9liminer les zones clairsem\u00e9es. Cela explique pourquoi ceux qui suivent <\/span>Rafael Nadal hair loss<span style=\"font-weight: 400;\"> comprennent la n\u00e9cessit\u00e9 de futures interventions.<\/span><\/p>\n<div class=\"lyte-wrapper\" style=\"width:853px;max-width:100%;margin:5px;\"><div class=\"lyMe hidef\" id=\"WYL_UWa6Tq759fY\"><div id=\"lyte_UWa6Tq759fY\" data-src=\"\/\/i.ytimg.com\/vi\/UWa6Tq759fY\/maxresdefault.jpg\" class=\"pL\"><div class=\"tC\"><div class=\"tT\"><\/div><\/div><div class=\"play\"><\/div><div class=\"ctrl\"><div class=\"Lctrl\"><\/div><div class=\"Rctrl\"><\/div><\/div><\/div><noscript><a href=\"https:\/\/youtu.be\/UWa6Tq759fY\" rel=\"nofollow noopener\" target=\"_blank\"><img loading=\"lazy\" decoding=\"async\" src=\"https:\/\/i.ytimg.com\/vi\/UWa6Tq759fY\/0.jpg\" alt=\"YouTube video thumbnail\" width=\"853\" height=\"460\" title=\"\"><br \/>Lire cette vid\u00e9o sur YouTube<\/a><\/noscript><\/div><\/div><div class=\"lL\" style=\"max-width:100%;width:853px;margin:5px;\"><\/div><\/p>\n<h2><b>Pourquoi la FUE est-elle la technique privil\u00e9gi\u00e9e chez les athl\u00e8tes ?<\/b><\/h2>\n<p><span style=\"font-weight: 400;\">La principale raison est la rapidit\u00e9 de la gu\u00e9rison, souvent inf\u00e9rieure \u00e0 une semaine. La proc\u00e9dure est \u00e9galement rapide et dure environ 8 \u00e0 10 heures, ce qui la rend id\u00e9ale pour les sportifs comme Rafael Nadal. La plupart des patients reprennent leur vie quotidienne d\u00e8s le lendemain, m\u00eame si certains pr\u00e9f\u00e8rent s\u2019accorder quelques jours de repos pour pr\u00e9server leur intimit\u00e9.<\/span><\/p>\n<p>Rafael Nadal hair transplant<span style=\"font-weight: 400;\"> est consid\u00e9r\u00e9 comme un succ\u00e8s notable et un exemple pour de nombreux fans confront\u00e9s au m\u00eame probl\u00e8me. M\u00eame si l\u2019apparence ne fait pas tout, am\u00e9liorer son image peut renforcer la confiance en soi.<\/span><\/p>\n<p><b>La perte de cheveux de Rafael Nadal<\/b><span style=\"font-weight: 400;\"> a \u00e9galement fait parler en 2022, ses cheveux clairsem\u00e9s \u00e9tant visibles lors des derniers matchs de Wimbledon. Son nouveau look a beaucoup fait r\u00e9agir sur les r\u00e9seaux sociaux.<\/span><\/p>\n<p><span style=\"font-weight: 400;\">Le stress peut acc\u00e9l\u00e9rer la chute des cheveux, et sa carri\u00e8re professionnelle intense en est probablement une cause. Sa coupe actuelle, plus courte et \u00e9l\u00e9gante, diff\u00e8re de sa chevelure longue d\u2019autrefois, mais il reste tr\u00e8s appr\u00e9ci\u00e9. <\/span><br \/>\nRafael Nadal hair loss<span style=\"font-weight: 400;\"> continue de susciter l\u2019int\u00e9r\u00eat de ses fans, et plusieurs greffes suppl\u00e9mentaires pourraient \u00eatre n\u00e9cessaires pour couvrir totalement la ligne frontale.<\/span><\/p>\n<h3><b>Quel est le co\u00fbt ? Rafael Nadal a-t-il d\u00e9pens\u00e9 une fortune pour ses greffes de cheveux ?<\/b><\/h3>\n<p><b>Rafael Nadal hair transplant<\/b><span style=\"font-weight: 400;\"> a \u00e9t\u00e9 r\u00e9alis\u00e9e par la m\u00e9thode FUE, qui consiste \u00e0 pr\u00e9lever des follicules \u00e0 l\u2019arri\u00e8re et sur les c\u00f4t\u00e9s de la t\u00eate pour les implanter dans les zones clairsem\u00e9es. Il faut entre 12 et 18 mois pour obtenir une densit\u00e9 compl\u00e8te.<\/span><\/p>\n<p><span style=\"font-weight: 400;\">Selon certaines sources, Nadal aurait d\u00e9pens\u00e9 environ 9 000 euros en 2016 pour sa greffe FUE. Les co\u00fbts varient selon les pays. En moyenne, une greffe de cheveux co\u00fbte entre 4 000 et 15 000 dollars, tandis qu\u2019en Turquie, les prix sont bien plus abordables, entre 1 890 et 5 890 euros.<\/span><\/p>\n<p><span style=\"font-weight: 400;\">Les cliniques proposent g\u00e9n\u00e9ralement des forfaits personnalisables. La pousse des cheveux varie d\u2019une personne \u00e0 l\u2019autre. Une l\u00e9g\u00e8re perte n\u00e9cessite environ 2 000 greffons, mais dans le cas de <\/span>Rafael Nadal&rsquo;s hair loss<span style=\"font-weight: 400;\">, au moins 4 500 greffons ont \u00e9t\u00e9 n\u00e9cessaires.<\/span><\/p>\n<p><span style=\"font-weight: 400;\">La liste des c\u00e9l\u00e9brit\u00e9s ayant eu recours \u00e0 une greffe de cheveux est longue. Il n\u2019y a aucune raison d\u2019en avoir honte. Si cela vous rend plus confiant et satisfait, c\u2019est un choix personnel.<\/span><\/p>\n","protected":false},"excerpt":{"rendered":"<p>Tout savoir sur le parcours de perte de cheveux de Rafael Nadal Rafael Nadal hair transplant est une histoire qui a fait la une des r\u00e9seaux sociaux \u00e0 plusieurs reprises au fil des ann\u00e9es et qui reste encore aujourd\u2019hui un sujet tr\u00e8s discut\u00e9. Rafael Nadal, l\u2019un des trois meilleurs joueurs de tennis au monde aux [&hellip;]<\/p>\n","protected":false},"author":8,"featured_media":12512,"comment_status":"closed","ping_status":"closed","sticky":false,"template":"","format":"standard","meta":{"footnotes":""},"categories":[409,47],"tags":[],"class_list":["post-29878","post","type-post","status-publish","format-standard","has-post-thumbnail","hentry","category-greffe-de-cheveux-de-celebrites","category-blog"],"_links":{"self":[{"href":"https:\/\/www.smilehairclinic.com\/fr\/wp-json\/wp\/v2\/posts\/29878","targetHints":{"allow":["GET"]}}],"collection":[{"href":"https:\/\/www.smilehairclinic.com\/fr\/wp-json\/wp\/v2\/posts"}],"about":[{"href":"https:\/\/www.smilehairclinic.com\/fr\/wp-json\/wp\/v2\/types\/post"}],"author":[{"embeddable":true,"href":"https:\/\/www.smilehairclinic.com\/fr\/wp-json\/wp\/v2\/users\/8"}],"replies":[{"embeddable":true,"href":"https:\/\/www.smilehairclinic.com\/fr\/wp-json\/wp\/v2\/comments?post=29878"}],"version-history":[{"count":0,"href":"https:\/\/www.smilehairclinic.com\/fr\/wp-json\/wp\/v2\/posts\/29878\/revisions"}],"wp:featuredmedia":[{"embeddable":true,"href":"https:\/\/www.smilehairclinic.com\/fr\/wp-json\/wp\/v2\/media\/12512"}],"wp:attachment":[{"href":"https:\/\/www.smilehairclinic.com\/fr\/wp-json\/wp\/v2\/media?parent=29878"}],"wp:term":[{"taxonomy":"category","embeddable":true,"href":"https:\/\/www.smilehairclinic.com\/fr\/wp-json\/wp\/v2\/categories?post=29878"},{"taxonomy":"post_tag","embeddable":true,"href":"https:\/\/www.smilehairclinic.com\/fr\/wp-json\/wp\/v2\/tags?post=29878"}],"curies":[{"name":"wp","href":"https:\/\/api.w.org\/{rel}","templated":true}]}}