{"id":29802,"date":"2025-07-07T09:25:49","date_gmt":"2025-07-07T06:25:49","guid":{"rendered":"https:\/\/www.smilehairclinic.com\/greffe-de-cheveux-de-cesc-fabregas\/"},"modified":"2025-07-07T09:25:49","modified_gmt":"2025-07-07T06:25:49","slug":"greffe-de-cheveux-de-cesc-fabregas","status":"publish","type":"post","link":"https:\/\/www.smilehairclinic.com\/fr\/greffe-de-cheveux-de-cesc-fabregas\/","title":{"rendered":"Greffe de cheveux de Cesc Fabregas"},"content":{"rendered":"<h2><span data-preserver-spaces=\"true\">Cesc Fabregas a-t-il subi une greffe de cheveux ?<\/span><\/h2>\n<p><span data-preserver-spaces=\"true\">Le parcours de <a href=\"https:\/\/www.smilehairclinic.com\/fr\/greffe-de-cheveux-de-cesc-fabregas\/\">greffe de cheveux de Cesc Fabregas<\/a> a fait l\u2019objet de nombreuses sp\u00e9culations et discussions parmi les fans et les m\u00e9dias. Bien qu\u2019il n\u2019y ait aucune confirmation officielle de la part de Fabregas lui-m\u00eame, des changements visibles de sa ligne capillaire au fil des ann\u00e9es ont conduit beaucoup de personnes \u00e0 penser qu\u2019il a peut-\u00eatre subi une proc\u00e9dure de <a href=\"https:\/\/www.smilehairclinic.com\/fr\/\">greffe de cheveux<\/a>. La transformation de son apparence a \u00e9t\u00e9 remarquable, et il est largement admis que la greffe de cheveux a jou\u00e9 un r\u00f4le dans le renforcement de sa confiance, aussi bien sur le terrain qu\u2019en dehors. Cependant, il est important de noter que les d\u00e9tails de sa proc\u00e9dure sp\u00e9cifique n\u2019ont pas \u00e9t\u00e9 divulgu\u00e9s publiquement.<\/span><\/p>\n<h2><span data-preserver-spaces=\"true\">Cesc Fabregas : de La Masia \u00e0 la c\u00e9l\u00e9brit\u00e9 mondiale<\/span><\/h2>\n<p><span data-preserver-spaces=\"true\">Cesc Fabregas est un footballeur professionnel espagnol, dont le nom complet est Francesc F\u00e0bregas Soler. Il est n\u00e9 le 4 mai 1987 \u00e0 Arenys de Mar, en Catalogne, en Espagne. Fabregas est largement reconnu comme l\u2019un des milieux de terrain les plus talentueux de sa g\u00e9n\u00e9ration.<\/span><\/p>\n<p><span data-preserver-spaces=\"true\">Fabregas a commenc\u00e9 sa carri\u00e8re de footballeur tr\u00e8s jeune en rejoignant le centre de formation du FC Barcelone, La Masia, r\u00e9put\u00e9 pour produire des joueurs talentueux. Il a rapidement gravi les \u00e9chelons et a fait ses d\u00e9buts avec l\u2019\u00e9quipe premi\u00e8re du Bar\u00e7a en 2004 \u00e0 l\u2019\u00e2ge de 16 ans. Toutefois, sa v\u00e9ritable r\u00e9v\u00e9lation a eu lieu \u00e0 Arsenal, qu\u2019il a rejoint en 2003.<\/span><\/p>\n<h2><span data-preserver-spaces=\"true\">Retrouver la confiance sur et en dehors du terrain<\/span><\/h2>\n<p><span data-preserver-spaces=\"true\">Cesc Fabregas, reconnu comme l\u2019un des milieux de terrain les plus talentueux du football, a toujours \u00e9t\u00e9 sous les projecteurs. De ses d\u00e9buts \u00e0 Arsenal \u00e0 son passage r\u00e9ussi \u00e0 Barcelone, Fabregas a captiv\u00e9 les fans gr\u00e2ce \u00e0 ses qualit\u00e9s exceptionnelles. Cependant, de nombreuses sp\u00e9culations ont entour\u00e9 la transformation de sa ligne capillaire, amenant beaucoup \u00e0 se demander si l\u2019athl\u00e8te star avait subi une greffe de cheveux. Dans cet article, nous explorons le sujet intriguant du parcours de greffe de cheveux de Cesc Fabregas, en revenant sur sa p\u00e9riode \u00e0 Arsenal, \u00e0 Barcelone et au-del\u00e0.<\/span><\/p>\n<h2><span data-preserver-spaces=\"true\">Les ann\u00e9es d\u2019Arsenal de Cesc Fabregas<\/span><\/h2>\n<p><span data-preserver-spaces=\"true\">Pendant son passage \u00e0 Arsenal, Cesc Fabregas s\u2019est impos\u00e9 comme une \u00e9toile montante. Connu pour sa vision du jeu, la pr\u00e9cision de ses passes et sa brillance technique, Fabregas est rapidement devenu un favori des supporters. Toutefois, \u00e0 mesure que la carri\u00e8re du joueur espagnol s\u2019\u00e9panouissait, son recul de la ligne capillaire est devenu de plus en plus \u00e9vident, alimentant les sp\u00e9culations des fans et des m\u00e9dias.<\/span><\/p>\n<h3><span data-preserver-spaces=\"true\">Le transfert de Fabregas \u00e0 Barcelone<\/span><\/h3>\n<p><span data-preserver-spaces=\"true\">En 2011, Cesc Fabregas a r\u00e9alis\u00e9 un transfert tr\u00e8s m\u00e9diatis\u00e9 vers son club d\u2019enfance, Barcelone. Ce transfert a marqu\u00e9 un moment important de sa carri\u00e8re, puisqu\u2019il retrouvait ses racines. Lorsqu\u2019il a enfil\u00e9 le c\u00e9l\u00e8bre maillot blaugrana, les gens ont commenc\u00e9 \u00e0 s\u2019int\u00e9resser davantage \u00e0 sa vie personnelle, notamment aux rumeurs concernant le recul de sa ligne capillaire. Au cours de cette p\u00e9riode, Fabregas a subi une greffe de cheveux afin d\u2019am\u00e9liorer son apparence et de retrouver confiance en lui.<\/span><\/p>\n<h3><span data-preserver-spaces=\"true\">Fabregas \u00e0 Chelsea : l\u2019impact d\u2019un maestro du milieu sur le succ\u00e8s et la gloire<\/span><\/h3>\n<p><span data-preserver-spaces=\"true\">Durant le passage de Cesc Fabregas \u00e0 Chelsea, il a continu\u00e9 \u00e0 apporter une contribution majeure au succ\u00e8s de l\u2019\u00e9quipe. Fabregas a rejoint Chelsea en 2014 et a jou\u00e9 un r\u00f4le d\u00e9terminant dans le sacre en Premier League lors de la saison 2014-2015 sous la direction de l\u2019entra\u00eeneur Jos\u00e9 Mourinho. Sa vision exceptionnelle, sa qualit\u00e9 de passe et sa cr\u00e9ativit\u00e9 au milieu ont orchestr\u00e9 le jeu offensif de Chelsea.<\/span><\/p>\n<p><span data-preserver-spaces=\"true\">Alors que son passage \u00e0 Chelsea \u00e9tait surtout centr\u00e9 sur ses performances sur le terrain, il n\u2019y a eu aucune discussion ou rumeur notable concernant sa ligne capillaire ou la possibilit\u00e9 d\u2019une greffe de cheveux durant cette p\u00e9riode. Il convient de mentionner que la greffe de cheveux de Fabregas, si elle a eu lieu, est consid\u00e9r\u00e9e comme ayant \u00e9t\u00e9 r\u00e9alis\u00e9e avant son arriv\u00e9e \u00e0 Chelsea.<\/span><\/p>\n<h3><span data-preserver-spaces=\"true\">Fabregas \u00e0 Chelsea : un h\u00e9ritage durable<\/span><\/h3>\n<p><span data-preserver-spaces=\"true\">Tout au long de ses ann\u00e9es \u00e0 Chelsea, Fabregas a continu\u00e9 \u00e0 d\u00e9montrer toute sa ma\u00eetrise, affichant sa brillance technique et sa capacit\u00e9 \u00e0 dicter le rythme du jeu. Ses performances ont contribu\u00e9 au succ\u00e8s de l\u2019\u00e9quipe, lui valant l\u2019admiration des supporters et l\u2019installant comme une figure cl\u00e9 du milieu de terrain de Chelsea.<\/span><\/p>\n<p><span data-preserver-spaces=\"true\">Malgr\u00e9 l\u2019absence de discussions significatives li\u00e9es aux cheveux durant son passage \u00e0 Chelsea, cette p\u00e9riode au club a renforc\u00e9 davantage sa r\u00e9putation comme l\u2019un des meilleurs milieux de terrain du football.<\/span><\/p>\n<h3><span data-preserver-spaces=\"true\">Comprendre les greffes de cheveux<\/span><\/h3>\n<p><span data-preserver-spaces=\"true\">La greffe de cheveux est une proc\u00e9dure esth\u00e9tique qui consiste \u00e0 transf\u00e9rer des follicules pileux d\u2019une partie du corps, appel\u00e9e zone donneuse, vers les zones d\u00e9garnies ou clairsem\u00e9es. Cette proc\u00e9dure offre une solution permanente \u00e0 la perte de cheveux et est devenue de plus en plus populaire aupr\u00e8s des athl\u00e8tes, des c\u00e9l\u00e9brit\u00e9s et des personnes souhaitant restaurer leur ligne capillaire.<\/span><\/p>\n<h4><span data-preserver-spaces=\"true\">Le parcours de greffe de cheveux de Fabregas<\/span><\/h4>\n<p><span data-preserver-spaces=\"true\">La d\u00e9cision de Cesc Fabregas de subir une greffe de cheveux \u00e9tait un choix personnel, motiv\u00e9 par son d\u00e9sir d\u2019am\u00e9liorer sa confiance en lui. Bien que les d\u00e9tails de sa proc\u00e9dure sp\u00e9cifique n\u2019aient pas \u00e9t\u00e9 r\u00e9v\u00e9l\u00e9s, on pense qu\u2019il a opt\u00e9 pour une greffe FUE (Follicular Unit Extraction), une technique r\u00e9put\u00e9e pour ses r\u00e9sultats d\u2019apparence naturelle.<\/span><\/p>\n<p><span data-preserver-spaces=\"true\">La technique FUE consiste \u00e0 extraire des follicules pileux de la zone donneuse, g\u00e9n\u00e9ralement l\u2019arri\u00e8re de la t\u00eate, puis \u00e0 les implanter dans la zone souhait\u00e9e. Cette m\u00e9thode garantit des cicatrices minimales et un temps de r\u00e9cup\u00e9ration plus rapide que les proc\u00e9dures traditionnelles de greffe de cheveux.<\/span><\/p>\n<h4><span data-preserver-spaces=\"true\">Transformation apr\u00e8s la greffe<\/span><\/h4>\n<p><span data-preserver-spaces=\"true\">Apr\u00e8s sa greffe de cheveux, la transformation de Cesc Fabregas \u00e9tait visible aussi bien sur le terrain qu\u2019en dehors. Les fans ont remarqu\u00e9 sa ligne capillaire rajeunie, ce qui a contribu\u00e9 \u00e0 son apparence globalement plus jeune. Avec une confiance renouvel\u00e9e, Fabregas a continu\u00e9 \u00e0 impressionner par ses performances, mettant en avant ses qualit\u00e9s et son leadership \u00e0 Barcelone.<\/span><\/p>\n<h5><span data-preserver-spaces=\"true\">Greffe de cheveux de Fabregas : impact sur sa carri\u00e8re<\/span><\/h5>\n<p><span data-preserver-spaces=\"true\">Bien que la greffe de cheveux de Cesc Fabregas ait eu un impact positif sur son estime de soi, il est important de noter que sa r\u00e9ussite sur le terrain ne peut pas \u00eatre attribu\u00e9e uniquement \u00e0 cette proc\u00e9dure. Les accomplissements de Fabregas d\u00e9coulent de son d\u00e9vouement, de son travail acharn\u00e9 et de son talent inn\u00e9. N\u00e9anmoins, la greffe a renforc\u00e9 sa confiance, lui permettant de se concentrer sur son jeu et de performer au plus haut niveau.<\/span><\/p>\n<h5><span data-preserver-spaces=\"true\">Parcours de greffe de cheveux de Cesc Fabregas : renforcer la confiance sur et en dehors du terrain<\/span><\/h5>\n<p><span data-preserver-spaces=\"true\">Le parcours de greffe de cheveux de Cesc Fabregas t\u00e9moigne du pouvoir transformateur des proc\u00e9dures esth\u00e9tiques. En tant que footballeur professionnel, Fabregas a reconnu l\u2019importance de la confiance en soi sur et en dehors du terrain. Sa d\u00e9cision de subir une greffe de cheveux lui a permis de retrouver une apparence plus jeune et d\u2019afficher une assurance accrue, am\u00e9liorant ainsi son bien-\u00eatre global.<\/span><\/p>\n<p><span data-preserver-spaces=\"true\">Que ce soit durant sa p\u00e9riode \u00e0 Arsenal, \u00e0 Barcelone ou au-del\u00e0, le d\u00e9vouement de Cesc Fabregas \u00e0 son m\u00e9tier et son d\u00e9sir de progresser l\u2019ont men\u00e9 vers de grands sommets. Bien que sa greffe de cheveux ait \u00e9t\u00e9 un choix personnel, elle a sans aucun doute contribu\u00e9 \u00e0 revitaliser son image et \u00e0 r\u00e9v\u00e9ler le meilleur de lui-m\u00eame.<\/span><\/p>\n<p><strong>D\u00e9couvrez l\u2019excellence de Smile Hair Clinic<\/strong><\/p>\n<p><span data-preserver-spaces=\"true\">Chez Smile Hair Clinic, nous comprenons l\u2019importance des cheveux dans la construction de l\u2019image de soi et de la confiance. L\u2019affinement des cheveux ou la calvitie peuvent souvent affecter l\u2019apparence et l\u2019estime de soi. Nos proc\u00e9dures de greffe de cheveux avanc\u00e9es visent \u00e0 r\u00e9pondre \u00e0 ces pr\u00e9occupations et \u00e0 vous aider \u00e0 r\u00e9aliser votre r\u00eave d\u2019avoir des cheveux forts et d\u2019apparence naturelle.<\/span><\/p>\n<p><span data-preserver-spaces=\"true\">\u00cates-vous pr\u00eat \u00e0 faire le premier pas pour transformer vos cheveux et renforcer votre confiance en vous ? R\u00e9servez d\u00e8s aujourd\u2019hui une consultation gratuite en ligne avec l\u2019\u00e9quipe d\u00e9di\u00e9e de Smile Hair Clinic. B\u00e9n\u00e9ficiez de soins exceptionnels, de technologies innovantes et de r\u00e9sultats d\u2019apparence naturelle pour vous aider \u00e0 devenir la meilleure version de vous-m\u00eame.<\/span><\/p>\n<p><span data-preserver-spaces=\"true\"> <\/span><\/p>\n<p><span data-preserver-spaces=\"true\">Instagram : <\/span><a class=\"editor-rtfLink\" href=\"https:\/\/www.instagram.com\/smilehairclinic\/\" target=\"_blank\" rel=\"noopener\"><span data-preserver-spaces=\"true\">smilehairclinic<\/span><\/a><\/p>\n","protected":false},"excerpt":{"rendered":"<p>Cesc Fabregas a-t-il subi une greffe de cheveux ? Le parcours de greffe de cheveux de Cesc Fabregas a fait l\u2019objet de nombreuses sp\u00e9culations et discussions parmi les fans et les m\u00e9dias. Bien qu\u2019il n\u2019y ait aucune confirmation officielle de la part de Fabregas lui-m\u00eame, des changements visibles de sa ligne capillaire au fil des [&hellip;]<\/p>\n","protected":false},"author":8,"featured_media":18656,"comment_status":"closed","ping_status":"closed","sticky":false,"template":"","format":"standard","meta":{"footnotes":""},"categories":[47,409],"tags":[],"class_list":["post-29802","post","type-post","status-publish","format-standard","has-post-thumbnail","hentry","category-blog","category-greffe-de-cheveux-de-celebrites"],"_links":{"self":[{"href":"https:\/\/www.smilehairclinic.com\/fr\/wp-json\/wp\/v2\/posts\/29802","targetHints":{"allow":["GET"]}}],"collection":[{"href":"https:\/\/www.smilehairclinic.com\/fr\/wp-json\/wp\/v2\/posts"}],"about":[{"href":"https:\/\/www.smilehairclinic.com\/fr\/wp-json\/wp\/v2\/types\/post"}],"author":[{"embeddable":true,"href":"https:\/\/www.smilehairclinic.com\/fr\/wp-json\/wp\/v2\/users\/8"}],"replies":[{"embeddable":true,"href":"https:\/\/www.smilehairclinic.com\/fr\/wp-json\/wp\/v2\/comments?post=29802"}],"version-history":[{"count":0,"href":"https:\/\/www.smilehairclinic.com\/fr\/wp-json\/wp\/v2\/posts\/29802\/revisions"}],"wp:featuredmedia":[{"embeddable":true,"href":"https:\/\/www.smilehairclinic.com\/fr\/wp-json\/wp\/v2\/media\/18656"}],"wp:attachment":[{"href":"https:\/\/www.smilehairclinic.com\/fr\/wp-json\/wp\/v2\/media?parent=29802"}],"wp:term":[{"taxonomy":"category","embeddable":true,"href":"https:\/\/www.smilehairclinic.com\/fr\/wp-json\/wp\/v2\/categories?post=29802"},{"taxonomy":"post_tag","embeddable":true,"href":"https:\/\/www.smilehairclinic.com\/fr\/wp-json\/wp\/v2\/tags?post=29802"}],"curies":[{"name":"wp","href":"https:\/\/api.w.org\/{rel}","templated":true}]}}